{"id":1733,"date":"2023-12-19T16:00:51","date_gmt":"2023-12-19T15:00:51","guid":{"rendered":"https:\/\/youngsolutions.es\/?p=1733"},"modified":"2023-12-19T16:00:51","modified_gmt":"2023-12-19T15:00:51","slug":"descubre-el-kit-digital","status":"publish","type":"post","link":"https:\/\/youngsolutions.es\/index.php\/2023\/12\/19\/descubre-el-kit-digital\/","title":{"rendered":"DESCUBRE EL KIT DIGITAL"},"content":{"rendered":"<p id=\"ember429\" class=\"ember-view reader-content-blocks__paragraph\">Conoce en que consiste la nueva l\u00ednea de financiaci\u00f3n para digitalizar las peque\u00f1as y medianas empresas (menos de 50 trabajadores en plantilla) con el Kit Digital.<\/p>\n<p id=\"ember430\" class=\"ember-view reader-content-blocks__paragraph\">Se trata ya de la cuarta convocatoria, debido al \u00e9xito en las empresas y ayudarte a cumplir tus objetivos empresariales.<\/p>\n<p id=\"ember431\" class=\"ember-view reader-content-blocks__paragraph\">Se trata de un programa finando por la Uni\u00f3n Europea, nacido para desarrollar el potencial y acceder a nuevos territorios mediante la digitalizaci\u00f3n.<\/p>\n<p id=\"ember432\" class=\"ember-view reader-content-blocks__paragraph\">Los fondos provienen de &#8220;Next Generation UE&#8221; , desde 2021 se ha invertido hasta 3.000 millones de euros.<\/p>\n<p id=\"ember433\" class=\"ember-view reader-content-blocks__paragraph\"><em>\u00bfQui\u00e9nes pueden optar a estas ayudas?<\/em><\/p>\n<p id=\"ember434\" class=\"ember-view reader-content-blocks__paragraph\">&#8211; Los aut\u00f3nomos, peque\u00f1as y microempresas con territorio situado en Espa\u00f1a.<\/p>\n<p id=\"ember435\" class=\"ember-view reader-content-blocks__paragraph\">&#8211; Aquellas Sociedades civiles mercantiles y explotaci\u00f3n agraria que su actividad econ\u00f3mica y domicilio fiscal se encuentre situado en territorio espa\u00f1ol.<\/p>\n<p id=\"ember436\" class=\"ember-view reader-content-blocks__paragraph\">Se clasifican en 3 segmentos:<\/p>\n<ol>\n<li>Peque\u00f1as empresas entre 10 y 49 trabajadores.<\/li>\n<li>Entre 3 y 9 empleados.<\/li>\n<li>Entre 0 y 2 en plantilla<\/li>\n<\/ol>\n<p id=\"ember438\" class=\"ember-view reader-content-blocks__paragraph\">Las convocatorias para cada segmentos se han ido abriendo una a una, adem\u00e1s han ampliado el plazo hasta el 31 de diciembre 2024.<\/p>\n<p id=\"ember439\" class=\"ember-view reader-content-blocks__paragraph\"><em>\u00bfC\u00f3mo medir la plantilla para conocer al segmento al que pertenezco?<\/em><\/p>\n<p id=\"ember440\" class=\"ember-view reader-content-blocks__paragraph\">Teniendo en cuenta los datos de trabajadores existentes en el R\u00e9gimen General de la Seguridad Social y de Trabajadores Aut\u00f3nomos u otro medio valido en derecho en el momento de la solicitud.<\/p>\n<p id=\"ember441\" class=\"ember-view reader-content-blocks__paragraph\">Una vez que el sistema <a class=\"app-aware-link \" href=\"http:\/\/red.es\/\" target=\"_self\" data-test-app-aware-link=\"\" rel=\"noopener\">Red.es<\/a> ha recibido tu solicitud, el sistema realizar\u00e1 las verificaciones necesarias para comprobar al segmento que pertenezca la empresa.<\/p>\n<hr \/>\n<p id=\"ember442\" class=\"ember-view reader-content-blocks__paragraph\"><strong><em>REQUISITOS SEGMENTO I:<\/em><\/strong><\/p>\n<ul>\n<li>Ser peque\u00f1as empresas o aut\u00f3nomos en territorio espa\u00f1ol.<\/li>\n<li>Ser considerada peque\u00f1a o microempresa.<\/li>\n<li>Estar inscrita en el censo de empresarios profesionales y retenedores de la Agencia Estatal de Administraci\u00f3n Tributaria o el censo equivalente de la administraci\u00f3n tributaria foral que se debe reflejar la actividad econ\u00f3mica desde la fecha de la solicitud de la ayuda con un m\u00ednimo de 6 meses de antig\u00fcedad.<\/li>\n<li>No tener la consideraci\u00f3n de empresas en crisis.<\/li>\n<li>Estar al corriente de las obligaciones tributarias y frente ala seguridad social.<\/li>\n<li>No estar sujeto a una orden de recuperaci\u00f3n, pendiente a una decisi\u00f3n previa de la comisi\u00f3n europea que se haya declarado ilegal la ayuda.<\/li>\n<li>No haber superado el l\u00edmite de ayudas de minimis.<\/li>\n<li>Tener disponible la evaluaci\u00f3n de nivel de madurez digital con test de diagnostico.<\/li>\n<\/ul>\n<p id=\"ember444\" class=\"ember-view reader-content-blocks__paragraph\"><strong><em>REQUISITOS SEGMENTO II:<\/em><\/strong><\/p>\n<ul>\n<li>Ser una peque\u00f1a\/micro empresa o aut\u00f3nomo con domicilio fiscal con ubicaci\u00f3n en Espa\u00f1a.<\/li>\n<li>Tener una plantilla entre 3 y 9 empleados.<\/li>\n<li>Mismos requisitos restantes del Segmento I.<\/li>\n<\/ul>\n<p id=\"ember446\" class=\"ember-view reader-content-blocks__paragraph\"><strong><em>REQUISITOS SEGMENTO III:<\/em><\/strong><\/p>\n<ul>\n<li>Tener entre 0 y menos de 3 empleados.<\/li>\n<li>Disponer de la evaluaci\u00f3n de nivel de madurez digital, de acuerdo con el test de diagnostico disponible en la plataforma &#8220;Acelera pyme&#8221;.<\/li>\n<\/ul>\n<p id=\"ember448\" class=\"ember-view reader-content-blocks__paragraph\"><strong><em>REQUISITOS ACCESO CUARTACONVOCATORIA:<\/em><\/strong><\/p>\n<p id=\"ember449\" class=\"ember-view reader-content-blocks__paragraph\">Las empresas deben estar adscritas en:<\/p>\n<p id=\"ember450\" class=\"ember-view reader-content-blocks__paragraph\">&#8211; Censo de empresarios, profesionales, retenedores de la Agencia Estatal de la administraci\u00f3n tributaria.<\/p>\n<p id=\"ember451\" class=\"ember-view reader-content-blocks__paragraph\">&#8211; Censo correspondiente de la administraci\u00f3n foral que refleje la actividad econ\u00f3mica desde la fecha en la que se demando la ayuda, con un m\u00ednimo de 6 meses de antig\u00fcedad.<\/p>\n<p id=\"ember452\" class=\"ember-view reader-content-blocks__paragraph\">&#8211; No estar calificada como empresa en crisis.<\/p>\n<p id=\"ember453\" class=\"ember-view reader-content-blocks__paragraph\">&#8211; Tener actualizadas las normativas tributarias y ante la seguridad social.<\/p>\n<p id=\"ember454\" class=\"ember-view reader-content-blocks__paragraph\">&#8211; No estar sujeto a una orden de recuperaci\u00f3n pendiente tras una decisi\u00f3n previa de la comisi\u00f3n europea que haya declarado una ayuda ilegal e incompatible con el mercado com\u00fan.<\/p>\n<p id=\"ember455\" class=\"ember-view reader-content-blocks__paragraph\">&#8211; No estar culpado en ninguna prohibici\u00f3n anticipada en el articulo 13.2 de la Ley 38\/2003 general de subvenciones.<\/p>\n<p id=\"ember456\" class=\"ember-view reader-content-blocks__paragraph\">&#8211; No superar el limite de ayudas de minimis.<\/p>\n<p id=\"ember457\" class=\"ember-view reader-content-blocks__paragraph\">&#8211; Tener vacante la evaluaci\u00f3n del &#8220;Nivel de Madurez Digital&#8221; en concordancia con el test de diagnostico.<\/p>\n<p id=\"ember458\" class=\"ember-view reader-content-blocks__paragraph\"><strong><em>EMPRESAS EXCLUIDAS DEL KIT DIGITAL<\/em><\/strong><\/p>\n<p id=\"ember459\" class=\"ember-view reader-content-blocks__paragraph\">Personas f\u00edsicas y jur\u00eddicas que sean agente digitalizadores adheridos, ni la que estos sub\/contraten para esta prestaci\u00f3n de las soluciones de digitalizaci\u00f3n.<\/p>\n<p id=\"ember460\" class=\"ember-view reader-content-blocks__paragraph\">Aquellas en situaci\u00f3n de autoempleo que tengan la consideraci\u00f3n de aut\u00f3nomos societarios (que trabajo por cuenta propia y ha constituido una sociedad mercantil) ni colaboradores (trabajador que es familiar del aut\u00f3nomo).<\/p>\n<p id=\"ember461\" class=\"ember-view reader-content-blocks__paragraph\">UTE (Uni\u00f3n temporal de empresas)<\/p>\n<p id=\"ember462\" class=\"ember-view reader-content-blocks__paragraph\">Personas f\u00edsicas o jur\u00eddicas que en el pasado hayan obtenido una bonificaci\u00f3n del kit digital en el pasado.<\/p>\n<p id=\"ember463\" class=\"ember-view reader-content-blocks__paragraph\">Todas las empresas y entidades del estado, es decir, derecho p\u00fablico.<\/p>\n<p id=\"ember464\" class=\"ember-view reader-content-blocks__paragraph\">Aquellos colegios profesionales, sociedades civiles (excepto aquellas con objeto mercantil y civil profesional), comunidades de propietarios en r\u00e9gimen de propiedad horizontal (&#8220;<strong>se constituye exclusivamente sobre edificios divididos en apartamentos o locales que pueden ser aprovechados independientemente&#8221;) <\/strong>u otro tipo de unidad econ\u00f3mica o patrimonio separado que carezca de personalidad jur\u00eddica.<\/p>\n<p id=\"ember465\" class=\"ember-view reader-content-blocks__paragraph\">Para la 2 y 3\u00ba convocatoria se excluyeron aquellas personas y sociedades que hayan obtenido la condici\u00f3n de beneficiarias en las convocatorias del kit digital.<\/p>\n<p id=\"ember466\" class=\"ember-view reader-content-blocks__paragraph\"><em>\u00bfC\u00f3mo solicitarlo?<\/em><\/p>\n<p id=\"ember467\" class=\"ember-view reader-content-blocks__paragraph\">Se debe solicitar a trav\u00e9s de un representante autorizado. Mediante un formulario habilitado en la sede electr\u00f3nica de <a class=\"app-aware-link \" href=\"http:\/\/red.es\/\" target=\"_self\" data-test-app-aware-link=\"\" rel=\"noopener\">Red.es<\/a><\/p>\n<p id=\"ember468\" class=\"ember-view reader-content-blocks__paragraph\">Tambi\u00e9n se puede acceder desde el portal Acelera Pyme, contiene:<\/p>\n<p id=\"ember469\" class=\"ember-view reader-content-blocks__paragraph\">NIF o DNI del candidato + Datos de contacto.<\/p>\n<p id=\"ember470\" class=\"ember-view reader-content-blocks__paragraph\">Nombre de la persona f\u00edsica o raz\u00f3n social de la empresa.<\/p>\n<p id=\"ember471\" class=\"ember-view reader-content-blocks__paragraph\">Domicilio fiscal.<\/p>\n<p id=\"ember472\" class=\"ember-view reader-content-blocks__paragraph\">Autorizaci\u00f3n del representante voluntario, si se diera el caso. Se descarga en el sistema <a class=\"app-aware-link \" href=\"http:\/\/red.es\/\" target=\"_self\" data-test-app-aware-link=\"\" rel=\"noopener\">Red.es<\/a><\/p>\n<p id=\"ember473\" class=\"ember-view reader-content-blocks__paragraph\">El representante voluntario puede presentar un m\u00e1ximo de 500 solicitudes al d\u00eda.<\/p>\n<p id=\"ember474\" class=\"ember-view reader-content-blocks__paragraph\">En el caso de alg\u00fan error en la solicitud, el \u00f3rgano instructor pedir\u00e1 la compensaci\u00f3n en un intervalo de 10 d\u00edas como m\u00e1ximo para resolverlo.<\/p>\n<p id=\"ember475\" class=\"ember-view reader-content-blocks__paragraph\">Preliminar a realizar la solicitud del kit digital, se ejecutar\u00e1 un test de autodiagn\u00f3stico con acceso libre a todas las pymes para conocer el resultado tras una digitalizaci\u00f3n. Este test se realizar\u00e1 en la plataforma de Acelera Pyme.<\/p>\n<p id=\"ember476\" class=\"ember-view reader-content-blocks__paragraph\">Para la primer fase se gastaron una cantidad de 600 millones de euros para aquellas empresas que no superen los 49 empleados y contengan un m\u00ednimo de 10. Para la segunda (desde el 2 de septiembre de 2022) se dedicaron 500 millones. Finalmente para la tercera convocatoria ( desde el 20 de octubre) se han destinado 500 millones. Para la siguiente y cuarta convocatoria se han designado un total de 100 millones de euros.<\/p>\n<p id=\"ember477\" class=\"ember-view reader-content-blocks__paragraph\">El m\u00e1ximo de ayuda con sociedad ser\u00eda un m\u00e1ximo de 12.000\u20ac, para el segmento II se establece un limite de 6.000\u20ac. Para el segmento III se establece un m\u00e1ximo de 2.000\u20ac.<\/p>\n<p id=\"ember478\" class=\"ember-view reader-content-blocks__paragraph\"><em>\u00bfC\u00f3mo se cobra la ayuda del kit?<\/em><\/p>\n<p id=\"ember479\" class=\"ember-view reader-content-blocks__paragraph\">Para obtener el cobro de la subvenci\u00f3n, el beneficiario deber\u00e1 elegir y contratar el recurso digital que m\u00e1s se adapte al objetivo de la empresa.<\/p>\n<p id=\"ember480\" class=\"ember-view reader-content-blocks__paragraph\">Se har\u00e1 oficial un acuerdo de prestaci\u00f3n, en un plazo de 6 meses desde que se conceda la ayuda.<\/p>\n<p id=\"ember481\" class=\"ember-view reader-content-blocks__paragraph\"><em>\u00bfQu\u00e9 se puede hacer con el kit?<\/em><\/p>\n<p id=\"ember482\" class=\"ember-view reader-content-blocks__paragraph\">Para generar nuevas medidas tecnol\u00f3gicas que siempre supongan una mejor\u00eda. Deber\u00e1n efectuar una serie de condiciones:<\/p>\n<ol>\n<li>Novedosa y que se ajuste a la categor\u00eda que pertenezca.<\/li>\n<li>Ajustarse a la perfecci\u00f3n a las clausulas de la categor\u00eda correspondientes.<\/li>\n<\/ol>\n<p id=\"ember484\" class=\"ember-view reader-content-blocks__paragraph\">Las mejoras y actualizaciones de versiones o simplemente el progreso de los servicios no se tendr\u00e1 en cuenta como mejora funcional. Esta prohibido contratar 2 soluciones del mismo rango.<\/p>\n<p id=\"ember485\" class=\"ember-view reader-content-blocks__paragraph\">Se notificara mediante el sistema RED la concesi\u00f3n de la ayuda.<\/p>\n<p id=\"ember486\" class=\"ember-view reader-content-blocks__paragraph\">Se pagar\u00e1 entre los primeros 6 meses tras la notificaci\u00f3n de la ayuda y seleccionada la soluci\u00f3n en la primera fase o en una segunda fase si no se han cumplido los requisitos.<\/p>\n","protected":false},"excerpt":{"rendered":"<p>Conoce en que consiste la nueva l\u00ednea de financiaci\u00f3n para digitalizar las peque\u00f1as y medianas empresas (menos de 50 trabajadores en plantilla) con el Kit Digital. Se trata ya de la cuarta convocatoria, debido al \u00e9xito en las empresas y ayudarte a cumplir tus objetivos empresariales. Se trata de un programa finando por la Uni\u00f3n Europea, nacido para desarrollar el potencial y acceder a nuevos territorios mediante la digitalizaci\u00f3n. Los fondos provienen de &#8220;Next Generation UE&#8221; , desde 2021 se ha invertido hasta 3.000 millones de euros. \u00bfQui\u00e9nes pueden optar a estas ayudas? &#8211; Los aut\u00f3nomos, peque\u00f1as y microempresas con territorio situado en Espa\u00f1a. &#8211; Aquellas Sociedades civiles mercantiles y explotaci\u00f3n agraria que su actividad econ\u00f3mica y domicilio fiscal se encuentre situado en territorio espa\u00f1ol. Se clasifican en 3 segmentos: Peque\u00f1as empresas entre 10 y 49 trabajadores. Entre 3 y 9 empleados. Entre 0 y 2 en plantilla Las convocatorias para cada segmentos se han ido abriendo una a una, adem\u00e1s han ampliado el plazo hasta el 31 de diciembre 2024. \u00bfC\u00f3mo medir la plantilla para conocer al segmento al que pertenezco? Teniendo en cuenta los datos de trabajadores existentes en el R\u00e9gimen General de la Seguridad Social y de Trabajadores Aut\u00f3nomos u otro medio valido en derecho en el momento de la solicitud. Una vez que el sistema Red.es ha recibido tu solicitud, el sistema realizar\u00e1 las verificaciones necesarias para comprobar al segmento que pertenezca la empresa. REQUISITOS SEGMENTO I: Ser peque\u00f1as empresas o aut\u00f3nomos en territorio espa\u00f1ol. Ser considerada peque\u00f1a o microempresa. Estar inscrita en el censo de empresarios profesionales y retenedores de la Agencia Estatal de Administraci\u00f3n Tributaria o el censo equivalente de la administraci\u00f3n tributaria foral que se debe reflejar la actividad econ\u00f3mica desde la fecha de la solicitud de la ayuda con un m\u00ednimo de<\/p>\n","protected":false},"author":1,"featured_media":1742,"comment_status":"open","ping_status":"open","sticky":false,"template":"","format":"standard","meta":{"footnotes":""},"categories":[1],"tags":[],"class_list":["post-1733","post","type-post","status-publish","format-standard","has-post-thumbnail","hentry","category-non-classe"],"_links":{"self":[{"href":"https:\/\/youngsolutions.es\/index.php\/wp-json\/wp\/v2\/posts\/1733","targetHints":{"allow":["GET"]}}],"collection":[{"href":"https:\/\/youngsolutions.es\/index.php\/wp-json\/wp\/v2\/posts"}],"about":[{"href":"https:\/\/youngsolutions.es\/index.php\/wp-json\/wp\/v2\/types\/post"}],"author":[{"embeddable":true,"href":"https:\/\/youngsolutions.es\/index.php\/wp-json\/wp\/v2\/users\/1"}],"replies":[{"embeddable":true,"href":"https:\/\/youngsolutions.es\/index.php\/wp-json\/wp\/v2\/comments?post=1733"}],"version-history":[{"count":3,"href":"https:\/\/youngsolutions.es\/index.php\/wp-json\/wp\/v2\/posts\/1733\/revisions"}],"predecessor-version":[{"id":1744,"href":"https:\/\/youngsolutions.es\/index.php\/wp-json\/wp\/v2\/posts\/1733\/revisions\/1744"}],"wp:featuredmedia":[{"embeddable":true,"href":"https:\/\/youngsolutions.es\/index.php\/wp-json\/wp\/v2\/media\/1742"}],"wp:attachment":[{"href":"https:\/\/youngsolutions.es\/index.php\/wp-json\/wp\/v2\/media?parent=1733"}],"wp:term":[{"taxonomy":"category","embeddable":true,"href":"https:\/\/youngsolutions.es\/index.php\/wp-json\/wp\/v2\/categories?post=1733"},{"taxonomy":"post_tag","embeddable":true,"href":"https:\/\/youngsolutions.es\/index.php\/wp-json\/wp\/v2\/tags?post=1733"}],"curies":[{"name":"wp","href":"https:\/\/api.w.org\/{rel}","templated":true}]}}